{"id":58,"date":"2020-09-13T21:51:33","date_gmt":"2020-09-13T21:51:33","guid":{"rendered":"http:\/\/ozcebehukuk.com\/?p=58"},"modified":"2020-09-14T08:09:13","modified_gmt":"2020-09-14T08:09:13","slug":"urtebden-busiada-nezaket-ziyareti","status":"publish","type":"post","link":"http:\/\/ozcebehukuk.com\/index.php\/2020\/09\/13\/urtebden-busiada-nezaket-ziyareti\/","title":{"rendered":"URTEB&#8217;den BUS\u0130AD\u2019a nezaket ziyareti"},"content":{"rendered":"\n<div class=\"wp-block-image\"><figure class=\"aligncenter size-large\"><img loading=\"lazy\" width=\"302\" height=\"355\" src=\"http:\/\/ozcebehukuk.com\/wp-content\/uploads\/2020\/09\/BUSIAD-Logo.jpg\" alt=\"\" class=\"wp-image-59\" srcset=\"http:\/\/ozcebehukuk.com\/wp-content\/uploads\/2020\/09\/BUSIAD-Logo.jpg 302w, http:\/\/ozcebehukuk.com\/wp-content\/uploads\/2020\/09\/BUSIAD-Logo-255x300.jpg 255w\" sizes=\"(max-width: 302px) 100vw, 302px\" \/><\/figure><\/div>\n\n\n\n<p>Bursa ve T\u00fcrkiye ekonomisine b\u00fcy\u00fck katma de\u011fer sa\u011flayan \u00fcyeleri ile sivil ekonomik toplumda g\u00fc\u00e7 birli\u011finin ifadesi olan Bursa Sanayicileri ve \u0130\u015fadamlar\u0131 Derne\u011fi (BUS\u0130AD), Uluslararas\u0131 Rekabet ve Teknoloji Birli\u011fi (URTEB) y\u00f6netim kurulu \u00fcyelerini a\u011f\u0131rlad\u0131. <\/p>\n\n\n\n<p>Konuyla ilgili bas\u0131n b\u00fclteni a\u015fa\u011f\u0131dad\u0131r.<\/p>\n\n\n\n<p><strong>URTEB&#8217;den BUS\u0130AD\u2019a nezaket ziyareti<\/strong><\/p>\n\n\n\n<p>Ge\u00e7ti\u011fimiz Ocak ay\u0131nda ger\u00e7ekle\u015ftirdi\u011fi genel kurul sonras\u0131 g\u00f6revi devralan Uluslararas\u0131 Rekabet ve Teknoloji Birli\u011fi (URTEB) y\u00f6netim kurulu \u00fcyeleri BUS\u0130AD\u2019a nezaket ziyareti ger\u00e7ekle\u015ftirdi. BUS\u0130AD Y\u00f6netim Kurulu Ba\u015fkan\u0131 G\u00fcnal Baylan\u2019\u0131n ev sahipli\u011finde ger\u00e7ekle\u015ftirilen ziyarete URTEB Y\u00f6netim Kurulu Ba\u015fkan\u0131 Ahmet \u00d6zenalp ve Y\u00f6netim Kurulu \u00dcyeleri M\u00fcrsel \u00d6zt\u00fcrk, Handan \u00d6zcebe ve Emir Turupcu kat\u0131ld\u0131. BUS\u0130AD\u2019\u0131n Bursa i\u015f d\u00fcnyas\u0131n\u0131n \u00e7at\u0131 kurulu\u015fu konumunda bulundu\u011funu ifade eden Ahmet \u00d6zenalp, BUS\u0130AD ile i\u015f birli\u011fi yaparak daha geni\u015f \u00e7apl\u0131 etkinlikler ger\u00e7ekle\u015ftirmeyi arzu ettiklerini s\u00f6yledi. \u00d6zenalp, sanayicinin lay\u0131k oldu\u011fu \u015fekli ile desteklenmesi ve sanayi tesislerine gereken ilginin g\u00f6sterilmesi gerekti\u011fini belirterek, g\u00fcn\u00fcm\u00fczde yo\u011fun rekabet ortam\u0131nda bulunduklar\u0131n\u0131 ve rekabet\u00e7ili\u011fin \u00f6neminin hi\u00e7bir zaman unutulmamas\u0131 gerekti\u011fini s\u00f6yledi. \u00d6zellikle rekabet\u00e7ili\u011finin \u00f6neminin vurgulanaca\u011f\u0131 programlar\u0131 ortak bir \u00e7al\u0131\u015fmayla ele alarak kamuoyu ile payla\u015fabileceklerini dile getiren \u00d6zenalp, son d\u00f6nemde rekabet ihlallerinin her alanda artt\u0131\u011f\u0131na ve y\u00fczde 98\u2019i KOB\u0130\u2019lerden olu\u015fan \u00fclke ekonomisi i\u00e7indeki sekt\u00f6rlerin rekabet hukukunun do\u011fru i\u015fletilmesi ad\u0131na \u00e7e\u015fitli d\u00fczenlemeler yapmas\u0131 gerekti\u011fine vurgu yapt\u0131.<\/p>\n\n\n\n<p>G\u00fcnal Baylan da rekabet\u00e7ilik konusunun her zaman i\u015f d\u00fcnyas\u0131n\u0131n ana g\u00fcndem maddelerinden biri oldu\u011funu ifade ederek, bu ve di\u011fer konularda URTEB ile i\u015f birli\u011fine haz\u0131r olduklar\u0131n\u0131 belirtti. BUS\u0130AD\u2019\u0131n da MARS\u0130FED \u00e7at\u0131s\u0131 alt\u0131nda faaliyetlerine devam etti\u011fini hat\u0131rlatan Baylan, ortakla\u015fa giri\u015filen \u00e7al\u0131\u015fmalar\u0131n daha geni\u015f kitlelere ula\u015ft\u0131\u011f\u0131n\u0131 ve daha fazla ses getirdi\u011fini kaydetti. Baylan, ge\u00e7ti\u011fimiz Aral\u0131k ay\u0131nda ger\u00e7ekle\u015ftirdikleri sempozyumda, ad\u0131 son y\u0131llarda s\u0131k\u00e7a duyulmaya ba\u015flanan End\u00fcstri 4.0 uygulamalar\u0131na de\u011findiklerini s\u00f6yleyerek, \u00f6n\u00fcm\u00fczdeki d\u00f6nemde de bu konuyu detayl\u0131 bir \u015fekilde ele alan bir proje \u00fczerinde \u00e7al\u0131\u015ft\u0131klar\u0131n\u0131, s\u00f6z konusu kavram \u00e7er\u00e7evesinde rekabet\u00e7ili\u011fin \u00e7ok daha fazla \u00f6ne \u00e7\u0131kaca\u011f\u0131n\u0131 s\u00f6zlerine ekledi.      <\/p>\n\n\n\n<p>(31.05.2016)<\/p>\n\n\n\n<figure class=\"wp-block-image size-large\"><img loading=\"lazy\" width=\"960\" height=\"452\" src=\"http:\/\/ozcebehukuk.com\/wp-content\/uploads\/2020\/09\/12631318_830351670409313_8057531888641218191_n.jpg\" alt=\"\" class=\"wp-image-60\" srcset=\"http:\/\/ozcebehukuk.com\/wp-content\/uploads\/2020\/09\/12631318_830351670409313_8057531888641218191_n.jpg 960w, http:\/\/ozcebehukuk.com\/wp-content\/uploads\/2020\/09\/12631318_830351670409313_8057531888641218191_n-300x141.jpg 300w, http:\/\/ozcebehukuk.com\/wp-content\/uploads\/2020\/09\/12631318_830351670409313_8057531888641218191_n-768x362.jpg 768w\" sizes=\"(max-width: 960px) 100vw, 960px\" \/><\/figure>\n\n\n\n<figure class=\"wp-block-image size-large\"><img loading=\"lazy\" width=\"960\" height=\"638\" src=\"http:\/\/ozcebehukuk.com\/wp-content\/uploads\/2020\/09\/13325739_898178316959981_8123376353838845246_n.jpg\" alt=\"\" class=\"wp-image-61\" srcset=\"http:\/\/ozcebehukuk.com\/wp-content\/uploads\/2020\/09\/13325739_898178316959981_8123376353838845246_n.jpg 960w, http:\/\/ozcebehukuk.com\/wp-content\/uploads\/2020\/09\/13325739_898178316959981_8123376353838845246_n-300x199.jpg 300w, http:\/\/ozcebehukuk.com\/wp-content\/uploads\/2020\/09\/13325739_898178316959981_8123376353838845246_n-768x510.jpg 768w, http:\/\/ozcebehukuk.com\/wp-content\/uploads\/2020\/09\/13325739_898178316959981_8123376353838845246_n-360x240.jpg 360w\" sizes=\"(max-width: 960px) 100vw, 960px\" \/><\/figure>\n\n\n\n<p>BUS\u0130AD, Uluslararas\u0131 Rekabet ve Teknoloji Birli\u011fi (URTEB) y\u00f6netim kurulu \u00fcyelerini a\u011f\u0131rlad\u0131.<\/p>\n\n\n\n<figure class=\"wp-block-image size-large\"><img loading=\"lazy\" width=\"960\" height=\"678\" src=\"http:\/\/ozcebehukuk.com\/wp-content\/uploads\/2020\/09\/13344711_898178450293301_6171793262294164165_n.jpg\" alt=\"\" class=\"wp-image-62\" srcset=\"http:\/\/ozcebehukuk.com\/wp-content\/uploads\/2020\/09\/13344711_898178450293301_6171793262294164165_n.jpg 960w, http:\/\/ozcebehukuk.com\/wp-content\/uploads\/2020\/09\/13344711_898178450293301_6171793262294164165_n-300x212.jpg 300w, http:\/\/ozcebehukuk.com\/wp-content\/uploads\/2020\/09\/13344711_898178450293301_6171793262294164165_n-768x542.jpg 768w\" sizes=\"(max-width: 960px) 100vw, 960px\" \/><\/figure>\n\n\n\n<p> BUS\u0130AD Ba\u015fkan\u0131 G\u00fcnal Baylan, URTEB Ba\u015fkan\u0131 Ahmet \u00d6zenalp\u2019e g\u00fcn\u00fcn an\u0131s\u0131na plaket takdim etti. <\/p>\n","protected":false},"excerpt":{"rendered":"<p>Bursa ve T\u00fcrkiye ekonomisine b\u00fcy\u00fck katma de\u011fer sa\u011flayan \u00fcyeleri ile sivil ekonomik toplumda g\u00fc\u00e7 birli\u011finin ifadesi olan Bursa Sanayicileri ve \u0130\u015fadamlar\u0131 Derne\u011fi (BUS\u0130AD), Uluslararas\u0131 Rekabet ve Teknoloji Birli\u011fi (URTEB) y\u00f6netim kurulu \u00fcyelerini a\u011f\u0131rlad\u0131. Konuyla ilgili bas\u0131n b\u00fclteni a\u015fa\u011f\u0131dad\u0131r. URTEB&#8217;den BUS\u0130AD\u2019a nezaket ziyareti Ge\u00e7ti\u011fimiz Ocak ay\u0131nda ger\u00e7ekle\u015ftirdi\u011fi genel kurul sonras\u0131 g\u00f6revi [&hellip;]<\/p>\n","protected":false},"author":1,"featured_media":62,"comment_status":"open","ping_status":"open","sticky":false,"template":"","format":"standard","meta":[],"categories":[4],"tags":[],"_links":{"self":[{"href":"http:\/\/ozcebehukuk.com\/index.php\/wp-json\/wp\/v2\/posts\/58"}],"collection":[{"href":"http:\/\/ozcebehukuk.com\/index.php\/wp-json\/wp\/v2\/posts"}],"about":[{"href":"http:\/\/ozcebehukuk.com\/index.php\/wp-json\/wp\/v2\/types\/post"}],"author":[{"embeddable":true,"href":"http:\/\/ozcebehukuk.com\/index.php\/wp-json\/wp\/v2\/users\/1"}],"replies":[{"embeddable":true,"href":"http:\/\/ozcebehukuk.com\/index.php\/wp-json\/wp\/v2\/comments?post=58"}],"version-history":[{"count":1,"href":"http:\/\/ozcebehukuk.com\/index.php\/wp-json\/wp\/v2\/posts\/58\/revisions"}],"predecessor-version":[{"id":63,"href":"http:\/\/ozcebehukuk.com\/index.php\/wp-json\/wp\/v2\/posts\/58\/revisions\/63"}],"wp:featuredmedia":[{"embeddable":true,"href":"http:\/\/ozcebehukuk.com\/index.php\/wp-json\/wp\/v2\/media\/62"}],"wp:attachment":[{"href":"http:\/\/ozcebehukuk.com\/index.php\/wp-json\/wp\/v2\/media?parent=58"}],"wp:term":[{"taxonomy":"category","embeddable":true,"href":"http:\/\/ozcebehukuk.com\/index.php\/wp-json\/wp\/v2\/categories?post=58"},{"taxonomy":"post_tag","embeddable":true,"href":"http:\/\/ozcebehukuk.com\/index.php\/wp-json\/wp\/v2\/tags?post=58"}],"curies":[{"name":"wp","href":"https:\/\/api.w.org\/{rel}","templated":true}]}}